{"id":56676,"date":"2026-04-28T11:04:34","date_gmt":"2026-04-28T09:04:34","guid":{"rendered":"https:\/\/niezapominajkaslupno.pl\/?p=56676"},"modified":"2026-04-28T11:06:43","modified_gmt":"2026-04-28T09:06:43","slug":"wyjazd-do-teatru-muzycznego-voice","status":"publish","type":"post","link":"https:\/\/niezapominajkaslupno.pl\/index.php\/2026\/04\/28\/wyjazd-do-teatru-muzycznego-voice\/","title":{"rendered":"Wyjazd do Teatru Muzycznego \u201eVoice\u201d"},"content":{"rendered":"\n<figure class=\"wp-block-image size-large\"><img loading=\"lazy\" decoding=\"async\" width=\"1024\" height=\"768\" src=\"https:\/\/niezapominajkaslupno.pl\/wp-content\/uploads\/2026\/04\/att.LssfdKlGfyrj0YvHx1MX7eVJbeh5yM8w0yHkC0Q6O64-1024x768.jpeg\" alt=\"\" class=\"wp-image-56677\" srcset=\"https:\/\/niezapominajkaslupno.pl\/wp-content\/uploads\/2026\/04\/att.LssfdKlGfyrj0YvHx1MX7eVJbeh5yM8w0yHkC0Q6O64-1024x768.jpeg 1024w, https:\/\/niezapominajkaslupno.pl\/wp-content\/uploads\/2026\/04\/att.LssfdKlGfyrj0YvHx1MX7eVJbeh5yM8w0yHkC0Q6O64-300x225.jpeg 300w, https:\/\/niezapominajkaslupno.pl\/wp-content\/uploads\/2026\/04\/att.LssfdKlGfyrj0YvHx1MX7eVJbeh5yM8w0yHkC0Q6O64-768x576.jpeg 768w, https:\/\/niezapominajkaslupno.pl\/wp-content\/uploads\/2026\/04\/att.LssfdKlGfyrj0YvHx1MX7eVJbeh5yM8w0yHkC0Q6O64-1536x1152.jpeg 1536w, https:\/\/niezapominajkaslupno.pl\/wp-content\/uploads\/2026\/04\/att.LssfdKlGfyrj0YvHx1MX7eVJbeh5yM8w0yHkC0Q6O64.jpeg 2048w\" sizes=\"auto, (max-width: 706px) 89vw, (max-width: 767px) 82vw, 740px\" \/><\/figure>\n\n\n\n<p>\ud83c\udfad Dzi\u015b od samego rana nasze przedszkolaki wyruszy\u0142y na wielk\u0105 teatraln\u0105 przygod\u0119!&nbsp;&nbsp;<\/p>\n\n\n\n<p>Grupy \u017b\u00d3\u0141TA, NIEBIESKA, GRANATOWA, MALINOWA i POMARA\u0143CZOWA podbijaj\u0105 scen\u0119 (a w\u0142a\u015bciwie widowni\u0119 \ud83d\ude04) Teatru Muzycznego \u201eVoice\u201d podczas spektaklu \u201eGaja i Kr\u00f3l Plastik\u201d w P\u0142ocku.\u00a0\u00a0Jest du\u017co \u015bmiechu,\u015bpiewania i jeszcze wi\u0119cej pozytywnych emocji \u263a\ufe0f\ud83c\udfb6\ud83c\udfad\u00a0\u00a0Wracamy pe\u0142ni wra\u017ce\u0144\u2026 i pewnie z g\u0142owami pe\u0142nymi historii do opowiedzenia \ud83d\udcac\u00a0\u00a0<\/p>\n","protected":false},"excerpt":{"rendered":"<p>\ud83c\udfad Dzi\u015b od samego rana nasze przedszkolaki wyruszy\u0142y na wielk\u0105 teatraln\u0105 przygod\u0119!&nbsp;&nbsp; Grupy \u017b\u00d3\u0141TA, NIEBIESKA, GRANATOWA, MALINOWA i POMARA\u0143CZOWA podbijaj\u0105 scen\u0119 (a w\u0142a\u015bciwie widowni\u0119 \ud83d\ude04) Teatru Muzycznego \u201eVoice\u201d podczas spektaklu \u201eGaja i Kr\u00f3l Plastik\u201d w P\u0142ocku.\u00a0\u00a0Jest du\u017co \u015bmiechu,\u015bpiewania i jeszcze wi\u0119cej pozytywnych emocji \u263a\ufe0f\ud83c\udfb6\ud83c\udfad\u00a0\u00a0Wracamy pe\u0142ni wra\u017ce\u0144\u2026 i pewnie z g\u0142owami pe\u0142nymi historii do opowiedzenia \ud83d\udcac\u00a0\u00a0<\/p>\n","protected":false},"author":2,"featured_media":0,"comment_status":"open","ping_status":"open","sticky":false,"template":"","format":"standard","meta":{"footnotes":""},"categories":[3],"tags":[],"class_list":["post-56676","post","type-post","status-publish","format-standard","hentry","category-aktualnosci"],"_links":{"self":[{"href":"https:\/\/niezapominajkaslupno.pl\/index.php\/wp-json\/wp\/v2\/posts\/56676","targetHints":{"allow":["GET"]}}],"collection":[{"href":"https:\/\/niezapominajkaslupno.pl\/index.php\/wp-json\/wp\/v2\/posts"}],"about":[{"href":"https:\/\/niezapominajkaslupno.pl\/index.php\/wp-json\/wp\/v2\/types\/post"}],"author":[{"embeddable":true,"href":"https:\/\/niezapominajkaslupno.pl\/index.php\/wp-json\/wp\/v2\/users\/2"}],"replies":[{"embeddable":true,"href":"https:\/\/niezapominajkaslupno.pl\/index.php\/wp-json\/wp\/v2\/comments?post=56676"}],"version-history":[{"count":3,"href":"https:\/\/niezapominajkaslupno.pl\/index.php\/wp-json\/wp\/v2\/posts\/56676\/revisions"}],"predecessor-version":[{"id":56680,"href":"https:\/\/niezapominajkaslupno.pl\/index.php\/wp-json\/wp\/v2\/posts\/56676\/revisions\/56680"}],"wp:attachment":[{"href":"https:\/\/niezapominajkaslupno.pl\/index.php\/wp-json\/wp\/v2\/media?parent=56676"}],"wp:term":[{"taxonomy":"category","embeddable":true,"href":"https:\/\/niezapominajkaslupno.pl\/index.php\/wp-json\/wp\/v2\/categories?post=56676"},{"taxonomy":"post_tag","embeddable":true,"href":"https:\/\/niezapominajkaslupno.pl\/index.php\/wp-json\/wp\/v2\/tags?post=56676"}],"curies":[{"name":"wp","href":"https:\/\/api.w.org\/{rel}","templated":true}]}}