{"id":56673,"date":"2026-04-27T16:15:54","date_gmt":"2026-04-27T14:15:54","guid":{"rendered":"https:\/\/niezapominajkaslupno.pl\/?p=56673"},"modified":"2026-04-27T16:15:54","modified_gmt":"2026-04-27T14:15:54","slug":"tematyka-kompleksowa-na-miesiac-maj","status":"publish","type":"post","link":"https:\/\/niezapominajkaslupno.pl\/index.php\/2026\/04\/27\/tematyka-kompleksowa-na-miesiac-maj\/","title":{"rendered":"Tematyka kompleksowa na miesi\u0105c maj"},"content":{"rendered":"\n<!--more-->\n\n\n\n<ol class=\"wp-block-list\">\n<li><strong>\u201eZielono nam\u201d (1 tydz.)<\/strong><\/li>\n\n\n\n<li><strong>\u201ePatrzymy w gwiazdy\u201d (1 tydz.)<\/strong><\/li>\n\n\n\n<li><strong>\u201eU rodziny\u201d (1 tydz.)<\/strong><\/li>\n\n\n\n<li><strong>\u201eDzie\u0144 Dziecka\u201d (1 tydz.)<\/strong><\/li>\n<\/ol>\n\n\n\n<p>Piosenka pt. <strong>\u201eAcha, jak mi\u0142o\u201d<\/strong><\/p>\n\n\n\n<p>(s\u0142. J. Berger muz. A. Loska)<\/p>\n\n\n\n<p>1. Na badylu, na zielonym<\/p>\n\n\n\n<p>Buja si\u0119 biedronka.<\/p>\n\n\n\n<p>Wystawi\u0142a czu\u0142ki ma\u0142e<\/p>\n\n\n\n<p>I skrzyd\u0142\u0105 do s\u0142onka.<\/p>\n\n\n\n<p>Acha, jak mi\u0142o, ach, jak ciep\u0142o<\/p>\n\n\n\n<p>S\u0142o\u0144ce mocno grzeje.<\/p>\n\n\n\n<p>&nbsp;Acha jak mi\u0142o, ach, jak ciep\u0142o<\/p>\n\n\n\n<p>Biedronka si\u0119 \u015bmieje.<\/p>\n\n\n\n<p>2. M\u0142ody \u015bwierszczyk to zobaczy\u0142,<\/p>\n\n\n\n<p>on chce tak\u017ce ciep\u0142a.<\/p>\n\n\n\n<p>A\u017c tu nagle upad\u0142 w traw\u0119,<\/p>\n\n\n\n<p>Bo ga\u0142\u0105zka p\u0119k\u0142a.<\/p>\n\n\n\n<p>Acha, jak mi\u0142o, ach, jak ciep\u0142o<\/p>\n\n\n\n<p>S\u0142o\u0144ce mocno grzeje.<\/p>\n\n\n\n<p>&nbsp;Acha jak mi\u0142o, ach, jak ciep\u0142o<\/p>\n\n\n\n<p>\u015awierszczyk nasz si\u0119 \u015bmieje.<\/p>\n\n\n\n<p>3. Wielki \u017cuk im pozazdro\u015bci\u0142,<\/p>\n\n\n\n<p>Lecz wcale si\u0119 nie wspi\u0105\u0142.<\/p>\n\n\n\n<p>Le\u017cy gruby, le\u017cy ci\u0119\u017cki<\/p>\n\n\n\n<p>Brzuch do s\u0142onka wypi\u0105\u0142.<\/p>\n\n\n\n<p>Acha, jak mi\u0142o, ach, jak ciep\u0142o<\/p>\n\n\n\n<p>S\u0142o\u0144ce mocno grzeje.<\/p>\n\n\n\n<p>&nbsp;Acha jak mi\u0142o, ach, jak ciep\u0142o<\/p>\n\n\n\n<p>Stary \u017cuk si\u0119 \u015bmieje.<\/p>\n\n\n\n<p><\/p>\n\n\n\n<p>Wiersz pt. <strong>\u201e1 czerwca \u2013 Dzie\u0144 Dziecka\u201d<\/strong><\/p>\n\n\n\n<p>(autor nieznany)<\/p>\n\n\n\n<p>Dzi\u015b s\u0142o\u0144ce z\u0142ote w g\u00f3rze \u015bwieci,<\/p>\n\n\n\n<p>Bo to jest \u015bwi\u0119to wszystkich dzieci!<\/p>\n\n\n\n<p>Wiatr nuci pie\u015bni, pl\u0105sa w\u015br\u00f3d drzew,<\/p>\n\n\n\n<p>Rado\u015b\u0107 jak echo niesie sw\u00f3j \u015bpiew.<\/p>\n\n\n\n<p>Niech ka\u017cdy maluch rado\u015b\u0107 ma w sobie,<\/p>\n\n\n\n<p>Jak skarb ukryty w z\u0142otym \u017c\u0142obie.<\/p>\n\n\n\n<p>Bo dzieci\u0119cy u\u015bmiech \u2013 czysta si\u0142a,<\/p>\n\n\n\n<p>Co \u015bwiat roz\u015bwietla, co zmrok umila.<\/p>\n\n\n\n<p>Wi\u0119c \u015bwi\u0119tuj dzisiaj, ta\u0144cz i \u015bpiewaj,<\/p>\n\n\n\n<p>Niech rado\u015b\u0107 w sercu wci\u0105\u017c dojrzewa.<\/p>\n\n\n\n<p>Bo jeste\u015b skarbem ca\u0142ego \u015bwiata, Najczystsza mi\u0142o\u015b\u0107 \u2013 dar od niego.<\/p>\n\n\n\n<p><\/p>\n","protected":false},"excerpt":{"rendered":"","protected":false},"author":22,"featured_media":0,"comment_status":"open","ping_status":"open","sticky":false,"template":"","format":"standard","meta":{"footnotes":""},"categories":[31,30],"tags":[],"class_list":["post-56673","post","type-post","status-publish","format-standard","hentry","category-tematyka-kompleksowa-promyczki","category-zielona"],"_links":{"self":[{"href":"https:\/\/niezapominajkaslupno.pl\/index.php\/wp-json\/wp\/v2\/posts\/56673","targetHints":{"allow":["GET"]}}],"collection":[{"href":"https:\/\/niezapominajkaslupno.pl\/index.php\/wp-json\/wp\/v2\/posts"}],"about":[{"href":"https:\/\/niezapominajkaslupno.pl\/index.php\/wp-json\/wp\/v2\/types\/post"}],"author":[{"embeddable":true,"href":"https:\/\/niezapominajkaslupno.pl\/index.php\/wp-json\/wp\/v2\/users\/22"}],"replies":[{"embeddable":true,"href":"https:\/\/niezapominajkaslupno.pl\/index.php\/wp-json\/wp\/v2\/comments?post=56673"}],"version-history":[{"count":1,"href":"https:\/\/niezapominajkaslupno.pl\/index.php\/wp-json\/wp\/v2\/posts\/56673\/revisions"}],"predecessor-version":[{"id":56674,"href":"https:\/\/niezapominajkaslupno.pl\/index.php\/wp-json\/wp\/v2\/posts\/56673\/revisions\/56674"}],"wp:attachment":[{"href":"https:\/\/niezapominajkaslupno.pl\/index.php\/wp-json\/wp\/v2\/media?parent=56673"}],"wp:term":[{"taxonomy":"category","embeddable":true,"href":"https:\/\/niezapominajkaslupno.pl\/index.php\/wp-json\/wp\/v2\/categories?post=56673"},{"taxonomy":"post_tag","embeddable":true,"href":"https:\/\/niezapominajkaslupno.pl\/index.php\/wp-json\/wp\/v2\/tags?post=56673"}],"curies":[{"name":"wp","href":"https:\/\/api.w.org\/{rel}","templated":true}]}}